{"id":1318,"date":"2025-05-18T09:46:12","date_gmt":"2025-05-18T09:46:12","guid":{"rendered":"http:\/\/www.nordschwabenlauf.de\/?p=1318"},"modified":"2025-05-18T09:46:12","modified_gmt":"2025-05-18T09:46:12","slug":"57-nordschwabenlauf-lockt-laufbegeisterte-nach-gundelfingen","status":"publish","type":"post","link":"http:\/\/www.nordschwabenlauf.de\/index.php\/2025\/05\/18\/57-nordschwabenlauf-lockt-laufbegeisterte-nach-gundelfingen\/","title":{"rendered":"57. Nordschwabenlauf lockt Laufbegeisterte nach Gundelfingen"},"content":{"rendered":"<div class=\"wp-block-image\">\n<figure class=\"aligncenter size-large\"><a href=\"http:\/\/www.nordschwabenlauf.de\/wp-content\/uploads\/f8e51db2-2da1-4d7a-951f-7f620eb7378a.jpg\" data-rel=\"lightbox-image-0\" data-rl_title=\"\" data-rl_caption=\"\" title=\"\"><img loading=\"lazy\" decoding=\"async\" width=\"1024\" height=\"575\" src=\"http:\/\/www.nordschwabenlauf.de\/wp-content\/uploads\/f8e51db2-2da1-4d7a-951f-7f620eb7378a-1024x575.jpg\" alt=\"\" class=\"wp-image-1319\" srcset=\"http:\/\/www.nordschwabenlauf.de\/wp-content\/uploads\/f8e51db2-2da1-4d7a-951f-7f620eb7378a-1024x575.jpg 1024w, http:\/\/www.nordschwabenlauf.de\/wp-content\/uploads\/f8e51db2-2da1-4d7a-951f-7f620eb7378a-300x169.jpg 300w, http:\/\/www.nordschwabenlauf.de\/wp-content\/uploads\/f8e51db2-2da1-4d7a-951f-7f620eb7378a-768x432.jpg 768w, http:\/\/www.nordschwabenlauf.de\/wp-content\/uploads\/f8e51db2-2da1-4d7a-951f-7f620eb7378a-1536x863.jpg 1536w, http:\/\/www.nordschwabenlauf.de\/wp-content\/uploads\/f8e51db2-2da1-4d7a-951f-7f620eb7378a.jpg 1657w\" sizes=\"auto, (max-width: 1024px) 100vw, 1024px\" \/><\/a><\/figure>\n<\/div>\n\n\n<p>Der traditionelle Nordschwabenlauf ging am Samstag in Gundelfingen bereits in seine 57. Auflage. Bei idealen Laufbedingungen er\u00f6ffnete der B\u00fcrgermeister N\u00e4gele die Veranstaltung mit dem Startschuss. Der Bundestagsabgeordnete Christoph Schmid beweist, dass sich ein stressiger Beruf mit dem Laufen vereinbaren l\u00e4sst. Die unterschiedlichen Wettk\u00e4mpfe f\u00fchrten die Teilnehmer auf Rundkursen von 1,2 bis 10 Kilometer durch die Stadt, wobei das Zielgel\u00e4nde &#8220;auf der Bleiche&#8221; im Zentrum Gundelfingens als Dreh- und Angelpunkt fungierte.<\/p>\n\n\n\n<p>Bei den j\u00fcngsten Teilnehmern \u00fcber die 1,2 Kilometer Distanz sicherte sich bei den M\u00e4dchen Leni Berthold vom TSV Offingen Leichtathletik in einer beeindruckenden Zeit von 4:04 Minuten den ersten Platz. In der offiziellen Wertung WKU 10 gewann Madlen Wohlh\u00fcter (VR-Bank Donau-Mindel eG) in 4:11 Minuten.<\/p>\n\n\n\n<p>Die schnellste Zeit bei den Jungen \u00fcber die gleiche Distanz erzielte Tom Berthold (TSV Offingen Leichtathletik) in 3:56 Minuten. Er setzte sich damit in der Altersklasse MKU 10 durch.<\/p>\n\n\n\n<p>Auf der 3 Kilometer Strecke zeigte Levi Seifried vom FC Gundelfingen Fu\u00dfball in der Altersklasse MKU 12 eine herausragende Leistung und gewann in 11:16 Minuten. Bei den M\u00e4dchen war Maya Joachim vom TSV Harburg in der Altersklasse WJU 14 mit 14:15 Minuten nicht zu schlagen.<\/p>\n\n\n\n<p>In der beliebten Teamwertung \u00fcber 6 Kilometer setzte sich der TSV Offingen mit einer Gesamtzeit von 2:37:51 Stunden an die Spitze. Auf den Pl\u00e4tzen folgten die BWF Group (2:41:48) und Gartner Extrusion (2:41:57). Das gr\u00f6\u00dfte Team stellte dieses Jahr die VG Gundelfingen.<\/p>\n\n\n\n<p>Die schnellsten Einzell\u00e4ufer \u00fcber die 6 Kilometer waren bei den M\u00e4nnern Fabian Munz von den Freien W\u00e4hlern Gundelfingen in 23:11 Minuten, dicht gefolgt von Benno Rawolle (TSV Offingen Leichtathletik) in 23:12 Minuten. Bei den Frauen dominierte Regina Rettenberger von der TSG-Giengen mit 27:54 Minuten vor Amelie Degele (TSV Offingen Leichtathletik) mit 28:49 Minuten.<\/p>\n\n\n\n<h2 class=\"wp-block-heading\">Hauptlauf \u00fcber 10 Kilometer<\/h2>\n\n\n\n<p>Im Hauptlauf \u00fcber 10 Kilometer zeigte Christian Berthold vom Tri TV Lauingen eine beeindruckende Leistung und sicherte sich in der Altersklasse M40 mit 32:52 Minuten den Gesamtsieg bei den M\u00e4nnern. Bei den Frauen war Theresa Luxenhofer (TG Viktoria Augsburg) in der Altersklasse W30 mit 35:44 Minuten am schnellsten, dicht gefolgt von Daniela Unger. Coni Deisler musste sich in der AK 70 einem Konkurrenten geschlagen geben.<\/p>\n\n\n\n<p>Ein Rundkurs durch die Stadt verlangt von allen Beteiligten Enormes ab. Die Stadtverwaltung mit dem Bauhof, die Feuerwehr, die Bewirtung durch die Betreuer der FC Gundelfingen-Sch\u00fcler bis zu den Streckenposten der Volleyball-Abteilung. Die Schwimmer der SG Gundelfingen und sogar Triathleten des TV Lauingen unterst\u00fctzen tatkr\u00e4ftig. Alle Ergebnisse unter www.nordschwabenlauf.de<\/p>\n","protected":false},"excerpt":{"rendered":"<p>Der traditionelle Nordschwabenlauf ging am Samstag in Gundelfingen bereits in seine 57. Auflage. Bei idealen Laufbedingungen er\u00f6ffnete der B\u00fcrgermeister N\u00e4gele die Veranstaltung mit dem Startschuss. Der Bundestagsabgeordnete Christoph Schmid beweist, dass sich ein stressiger Beruf mit dem Laufen vereinbaren l\u00e4sst. Die unterschiedlichen Wettk\u00e4mpfe f\u00fchrten die Teilnehmer auf Rundkursen von 1,2 bis 10 Kilometer durch die &hellip; <a href=\"http:\/\/www.nordschwabenlauf.de\/index.php\/2025\/05\/18\/57-nordschwabenlauf-lockt-laufbegeisterte-nach-gundelfingen\/\" class=\"more-link\">Continue reading <span class=\"screen-reader-text\">57. Nordschwabenlauf lockt Laufbegeisterte nach Gundelfingen<\/span> <span class=\"meta-nav\">&rarr;<\/span><\/a><\/p>\n","protected":false},"author":1,"featured_media":0,"comment_status":"closed","ping_status":"closed","sticky":false,"template":"","format":"standard","meta":{"footnotes":""},"categories":[4],"tags":[],"class_list":["post-1318","post","type-post","status-publish","format-standard","hentry","category-blog"],"_links":{"self":[{"href":"http:\/\/www.nordschwabenlauf.de\/index.php\/wp-json\/wp\/v2\/posts\/1318","targetHints":{"allow":["GET"]}}],"collection":[{"href":"http:\/\/www.nordschwabenlauf.de\/index.php\/wp-json\/wp\/v2\/posts"}],"about":[{"href":"http:\/\/www.nordschwabenlauf.de\/index.php\/wp-json\/wp\/v2\/types\/post"}],"author":[{"embeddable":true,"href":"http:\/\/www.nordschwabenlauf.de\/index.php\/wp-json\/wp\/v2\/users\/1"}],"replies":[{"embeddable":true,"href":"http:\/\/www.nordschwabenlauf.de\/index.php\/wp-json\/wp\/v2\/comments?post=1318"}],"version-history":[{"count":1,"href":"http:\/\/www.nordschwabenlauf.de\/index.php\/wp-json\/wp\/v2\/posts\/1318\/revisions"}],"predecessor-version":[{"id":1320,"href":"http:\/\/www.nordschwabenlauf.de\/index.php\/wp-json\/wp\/v2\/posts\/1318\/revisions\/1320"}],"wp:attachment":[{"href":"http:\/\/www.nordschwabenlauf.de\/index.php\/wp-json\/wp\/v2\/media?parent=1318"}],"wp:term":[{"taxonomy":"category","embeddable":true,"href":"http:\/\/www.nordschwabenlauf.de\/index.php\/wp-json\/wp\/v2\/categories?post=1318"},{"taxonomy":"post_tag","embeddable":true,"href":"http:\/\/www.nordschwabenlauf.de\/index.php\/wp-json\/wp\/v2\/tags?post=1318"}],"curies":[{"name":"wp","href":"https:\/\/api.w.org\/{rel}","templated":true}]}}