{"id":1376,"date":"2026-05-03T07:07:09","date_gmt":"2026-05-03T07:07:09","guid":{"rendered":"http:\/\/www.nordschwabenlauf.de\/?p=1376"},"modified":"2026-05-03T07:07:09","modified_gmt":"2026-05-03T07:07:09","slug":"58-nordschwabenlauf-zuruck-im-stadion","status":"publish","type":"post","link":"http:\/\/www.nordschwabenlauf.de\/index.php\/2026\/05\/03\/58-nordschwabenlauf-zuruck-im-stadion\/","title":{"rendered":"58. Nordschwabenlauf zur\u00fcck im Stadion"},"content":{"rendered":"\n<figure class=\"wp-block-gallery has-nested-images columns-1 is-cropped wp-block-gallery-1 is-layout-flex wp-block-gallery-is-layout-flex\">\n<figure class=\"wp-block-image size-large\"><a href=\"http:\/\/www.nordschwabenlauf.de\/wp-content\/uploads\/IMG_1428.jpeg\" data-rel=\"lightbox-image-0\" data-rl_title=\"\" data-rl_caption=\"\" title=\"\"><img loading=\"lazy\" decoding=\"async\" width=\"640\" height=\"480\" data-id=\"1377\" src=\"http:\/\/www.nordschwabenlauf.de\/wp-content\/uploads\/IMG_1428.jpeg\" alt=\"\" class=\"wp-image-1377\" srcset=\"http:\/\/www.nordschwabenlauf.de\/wp-content\/uploads\/IMG_1428.jpeg 640w, http:\/\/www.nordschwabenlauf.de\/wp-content\/uploads\/IMG_1428-300x225.jpeg 300w\" sizes=\"auto, (max-width: 640px) 100vw, 640px\" \/><\/a><\/figure>\n\n\n\n<figure class=\"wp-block-image size-large\"><a href=\"http:\/\/www.nordschwabenlauf.de\/wp-content\/uploads\/IMG_1430.jpeg\" data-rel=\"lightbox-image-1\" data-rl_title=\"\" data-rl_caption=\"\" title=\"\"><img loading=\"lazy\" decoding=\"async\" width=\"640\" height=\"480\" data-id=\"1379\" src=\"http:\/\/www.nordschwabenlauf.de\/wp-content\/uploads\/IMG_1430.jpeg\" alt=\"\" class=\"wp-image-1379\" srcset=\"http:\/\/www.nordschwabenlauf.de\/wp-content\/uploads\/IMG_1430.jpeg 640w, http:\/\/www.nordschwabenlauf.de\/wp-content\/uploads\/IMG_1430-300x225.jpeg 300w\" sizes=\"auto, (max-width: 640px) 100vw, 640px\" \/><\/a><\/figure>\n\n\n\n<figure class=\"wp-block-image size-large\"><a href=\"http:\/\/www.nordschwabenlauf.de\/wp-content\/uploads\/IMG_1432.jpeg\" data-rel=\"lightbox-image-2\" data-rl_title=\"\" data-rl_caption=\"\" title=\"\"><img loading=\"lazy\" decoding=\"async\" width=\"640\" height=\"480\" data-id=\"1378\" src=\"http:\/\/www.nordschwabenlauf.de\/wp-content\/uploads\/IMG_1432.jpeg\" alt=\"\" class=\"wp-image-1378\" srcset=\"http:\/\/www.nordschwabenlauf.de\/wp-content\/uploads\/IMG_1432.jpeg 640w, http:\/\/www.nordschwabenlauf.de\/wp-content\/uploads\/IMG_1432-300x225.jpeg 300w\" sizes=\"auto, (max-width: 640px) 100vw, 640px\" \/><\/a><\/figure>\n\n\n\n<figure class=\"wp-block-image size-large\"><a href=\"http:\/\/www.nordschwabenlauf.de\/wp-content\/uploads\/IMG_1436.jpeg\" data-rel=\"lightbox-image-3\" data-rl_title=\"\" data-rl_caption=\"\" title=\"\"><img loading=\"lazy\" decoding=\"async\" width=\"640\" height=\"480\" data-id=\"1381\" src=\"http:\/\/www.nordschwabenlauf.de\/wp-content\/uploads\/IMG_1436.jpeg\" alt=\"\" class=\"wp-image-1381\" srcset=\"http:\/\/www.nordschwabenlauf.de\/wp-content\/uploads\/IMG_1436.jpeg 640w, http:\/\/www.nordschwabenlauf.de\/wp-content\/uploads\/IMG_1436-300x225.jpeg 300w\" sizes=\"auto, (max-width: 640px) 100vw, 640px\" \/><\/a><\/figure>\n\n\n\n<figure class=\"wp-block-image size-large\"><a href=\"http:\/\/www.nordschwabenlauf.de\/wp-content\/uploads\/IMG_1437.jpeg\" data-rel=\"lightbox-image-4\" data-rl_title=\"\" data-rl_caption=\"\" title=\"\"><img loading=\"lazy\" decoding=\"async\" width=\"640\" height=\"480\" data-id=\"1380\" src=\"http:\/\/www.nordschwabenlauf.de\/wp-content\/uploads\/IMG_1437.jpeg\" alt=\"\" class=\"wp-image-1380\" srcset=\"http:\/\/www.nordschwabenlauf.de\/wp-content\/uploads\/IMG_1437.jpeg 640w, http:\/\/www.nordschwabenlauf.de\/wp-content\/uploads\/IMG_1437-300x225.jpeg 300w\" sizes=\"auto, (max-width: 640px) 100vw, 640px\" \/><\/a><\/figure>\n<\/figure>\n\n\n\n<p>Die Entscheidung, den 58. Nordschwabenlauf wieder im Stadion des FC Gundelfingen und im angrenzenden Auwald durchzuf\u00fchren, hat sich bew\u00e4hrt. Rund 300 L\u00e4uferinnen und L\u00e4ufer, Kinder und Teams standen am Samstag an der Startlinie \u2013 besonders erfreulich war die gro\u00dfe Beteiligung der J\u00fcngsten.<br>Als Bonus konnten die Veranstalter erstmals wieder einen Bambinilauf anbieten: Die 300 Meter schafften alle Kleinen und schnupperten ihre erste Wettkampfluft. Die Kinder der Klassen U8 und U10 traten auf der 900-Meter-Strecke gegeneinander an, w\u00e4hrend die U8 bis U14 eine zweite Runde anh\u00e4ngten und 1,8 Kilometer absolvierten.<br>F\u00fcr Teams war die 5-km-Runde vorgesehen. Die Strecke f\u00fchrte bis zur Donau und \u00fcber Teile des Trimm-Dich-Pfades zur\u00fcck ins Stadion. Bei den Frauen siegte Andrea H\u00f6gel (VR-Bank Donau-Mindel RaibaRunners) vor Regina Rettenberger (TSG Giengen) und Sybille Fritz (VR-Bank Donau-Mindel RaibaRunners). Bei den M\u00e4nnern setzte sich Andreas Albert (Tri TV Lauingen) vor Benno Rawolle und Jonas Schmidt (beide TSV Offingen Leichtathletik) durch. In der Teamwertung lagen der TSV Offingen Leichtathletik I vor Siegfried W\u00f6lz Stahl- und Metallbau GmbH &amp; Co. KG und den VR-Bank Donau-Mindel RaibaRunners I. Das gr\u00f6\u00dfte Team auf dieser Strecke stellten die VR-Bank RaibaRunners \u2013 sie hatten zudem noch die Kraft, bei der Siegerehrung den Ablauf zu unterst\u00fctzen. B\u00fcrgermeister N\u00e4gele feuerte den Startschuss auch f\u00fcr ein Team seiner Verwaltung ab.<br>\u00dcber die klassischen 10 Kilometer gewann bei den Frauen Daniela Unger (Tri TV Lauingen) vor Sabrina Klotz (VR-Bank Donau-Mindel RaibaRunners) und Yvonne Kaleja (Lauftreff Nordschwaben). Schnellster Mann war Stefan Wieland (Trifit Vallried) vor Christian Piri (PSKarlsruhe Triathlon) und Bernhard Seitz (Tri TV Lauingen).<br>M\u00f6glich wurde die Veranstaltung durch den Einsatz zahlreicher Helfer \u2013 darunter in diesem Jahr erstmals eine Gruppe Soldaten vom Standort Dillingen. Der FC Gundelfingen, die Schwimmabteilung und der Lauftreff Nordschwaben trugen ebenfalls wesentlich zum Gelingen bei.<\/p>\n","protected":false},"excerpt":{"rendered":"<p>Die Entscheidung, den 58. Nordschwabenlauf wieder im Stadion des FC Gundelfingen und im angrenzenden Auwald durchzuf\u00fchren, hat sich bew\u00e4hrt. Rund 300 L\u00e4uferinnen und L\u00e4ufer, Kinder und Teams standen am Samstag an der Startlinie \u2013 besonders erfreulich war die gro\u00dfe Beteiligung der J\u00fcngsten.Als Bonus konnten die Veranstalter erstmals wieder einen Bambinilauf anbieten: Die 300 Meter schafften &hellip; <a href=\"http:\/\/www.nordschwabenlauf.de\/index.php\/2026\/05\/03\/58-nordschwabenlauf-zuruck-im-stadion\/\" class=\"more-link\">Continue reading <span class=\"screen-reader-text\">58. Nordschwabenlauf zur\u00fcck im Stadion<\/span> <span class=\"meta-nav\">&rarr;<\/span><\/a><\/p>\n","protected":false},"author":1,"featured_media":0,"comment_status":"closed","ping_status":"closed","sticky":false,"template":"","format":"standard","meta":{"footnotes":""},"categories":[4],"tags":[],"class_list":["post-1376","post","type-post","status-publish","format-standard","hentry","category-blog"],"_links":{"self":[{"href":"http:\/\/www.nordschwabenlauf.de\/index.php\/wp-json\/wp\/v2\/posts\/1376","targetHints":{"allow":["GET"]}}],"collection":[{"href":"http:\/\/www.nordschwabenlauf.de\/index.php\/wp-json\/wp\/v2\/posts"}],"about":[{"href":"http:\/\/www.nordschwabenlauf.de\/index.php\/wp-json\/wp\/v2\/types\/post"}],"author":[{"embeddable":true,"href":"http:\/\/www.nordschwabenlauf.de\/index.php\/wp-json\/wp\/v2\/users\/1"}],"replies":[{"embeddable":true,"href":"http:\/\/www.nordschwabenlauf.de\/index.php\/wp-json\/wp\/v2\/comments?post=1376"}],"version-history":[{"count":1,"href":"http:\/\/www.nordschwabenlauf.de\/index.php\/wp-json\/wp\/v2\/posts\/1376\/revisions"}],"predecessor-version":[{"id":1382,"href":"http:\/\/www.nordschwabenlauf.de\/index.php\/wp-json\/wp\/v2\/posts\/1376\/revisions\/1382"}],"wp:attachment":[{"href":"http:\/\/www.nordschwabenlauf.de\/index.php\/wp-json\/wp\/v2\/media?parent=1376"}],"wp:term":[{"taxonomy":"category","embeddable":true,"href":"http:\/\/www.nordschwabenlauf.de\/index.php\/wp-json\/wp\/v2\/categories?post=1376"},{"taxonomy":"post_tag","embeddable":true,"href":"http:\/\/www.nordschwabenlauf.de\/index.php\/wp-json\/wp\/v2\/tags?post=1376"}],"curies":[{"name":"wp","href":"https:\/\/api.w.org\/{rel}","templated":true}]}}